{"id":696,"date":"2021-06-13T00:01:00","date_gmt":"2021-06-13T04:01:00","guid":{"rendered":"https:\/\/jejboulet.xyz\/?p=696"},"modified":"2021-06-10T16:42:06","modified_gmt":"2021-06-10T20:42:06","slug":"2021-06-13","status":"publish","type":"post","link":"https:\/\/jejboulet.xyz\/fr\/prieres\/2021-06-13\/","title":{"rendered":"Pri\u00e8re: Semaine du 13 juin 2021"},"content":{"rendered":"\n<p>\u00c9ternel, notre Berger, nous ne manquons de rien. Merci pour tout ce que tu nous donnes, et merci surtout pour le don de toi-m\u00eame. Aide-nous , Seigneur, \u00e0 ne pas nous inqui\u00e9ter de demain, mais plut\u00f4t de faire conna\u00eetre nos demandes par la pri\u00e8re et en pleine reconnaissance du fait que tu nous aimes. Enseigne-nous \u00e0 vivre dans l&rsquo;humiliation et dans l&rsquo;abondance. Fortifie-nous et accorde-nous la paix et la joie qui surpassent toute intelligence. Le monde peut nous distraire et nous causer du chagrin, mais le coeur content \u00e0 cause de toi est un festin perp\u00e9tuel. Tout pour ta gloire. Amen.<\/p>\n","protected":false},"excerpt":{"rendered":"<p>\u00c9ternel, notre Berger, nous ne manquons de rien. Merci pour tout ce que tu nous donnes, et merci surtout pour le don de toi-m\u00eame. Aide-nous , Seigneur, \u00e0 ne pas nous inqui\u00e9ter de demain, mais plut\u00f4t de faire conna\u00eetre nos demandes par la pri\u00e8re et en pleine reconnaissance du fait que tu nous aimes. Enseigne-nous \u00e0 vivre dans l&rsquo;humiliation et dans l&rsquo;abondance. Fortifie-nous et accorde-nous la paix et la joie qui surpassent toute intelligence. Le monde peut nous distraire et nous causer du chagrin, mais le coeur content \u00e0 cause de toi est un festin perp\u00e9tuel. Tout pour ta gloire. <a class=\"more-link\" href=\"https:\/\/jejboulet.xyz\/fr\/prieres\/2021-06-13\/\">Continuer la lecture <span class=\"screen-reader-text\">  Pri\u00e8re: Semaine du 13 juin 2021<\/span><span class=\"meta-nav\">&rarr;<\/span><\/a><\/p>\n","protected":false},"author":1,"featured_media":0,"comment_status":"closed","ping_status":"open","sticky":false,"template":"","format":"standard","meta":{"book_review_cover_url":"","book_review_title":"","book_review_series":"","book_review_author":"","book_review_genre":"","book_review_isbn":"","book_review_publisher":"","book_review_release_date":"","book_review_format":"","book_review_pages":"","book_review_source":"","book_review_rating":"","book_review_summary":""},"categories":[11],"tags":[289,273,290,288,94,163,86],"jetpack_featured_media_url":"","jetpack_sharing_enabled":true,"jetpack-related-posts":[{"id":334,"url":"https:\/\/jejboulet.xyz\/fr\/prieres\/2020-10-18\/","url_meta":{"origin":696,"position":0},"title":"Pri\u00e8re: Semaine du 18 oct 2020","date":"octobre 18, 2020","format":false,"excerpt":"Bon Berger, toi qui as fait toute la terre et qui nous as permis d'y r\u00f4der partout et d'y d\u00e9couvrir soit ta gloire, soit notre destruction selon les affections de nos coeurs, ne nous abandonne pas. Viens, Seigneur, nous chercher partout o\u00f9 nous nous sommes perdus. Prot\u00e8ge-nous des carnivores qui\u2026","rel":"","context":"Dans &quot;Pri\u00e8res&quot;","img":{"alt_text":"","src":"","width":0,"height":0},"classes":[]},{"id":735,"url":"https:\/\/jejboulet.xyz\/fr\/prieres\/2021-08-01\/","url_meta":{"origin":696,"position":1},"title":"Pri\u00e8re: Semaine du 1er ao\u00fbt 2021","date":"ao\u00fbt 1, 2021","format":false,"excerpt":"Prince de la paix, garde nos coeurs et nos pens\u00e9es. La nourriture de demain s'\u00e9chappe de la main, nos r\u00eaves s'\u00e9croulent, nos bien-aim\u00e9s souffrent, les d\u00e9sastres naturels ne dorment pas, les guerres continuent, les saints sont pers\u00e9cut\u00e9s. Et tout de m\u00eame, tu apparais pour nous dire, \u00ab Que la paix\u2026","rel":"","context":"Dans &quot;Pri\u00e8res&quot;","img":{"alt_text":"","src":"","width":0,"height":0},"classes":[]},{"id":768,"url":"https:\/\/jejboulet.xyz\/fr\/prieres\/2021-09-05\/","url_meta":{"origin":696,"position":2},"title":"Pri\u00e8re: Semaine du 5 septembre 2021","date":"septembre 5, 2021","format":false,"excerpt":"Berger de nos coeurs, poursuis-nous et ne nous oublie pas. Comme des brebis, nous errons \u00e0 travers la vie et nous sommes en danger de nous perdre sur un chemin inconnu, de tomber soudainement dans une fosse, ou d'\u00eatre mang\u00e9s par les b\u00eates sauvages. Ce sont des images, mais la\u2026","rel":"","context":"Dans &quot;Pri\u00e8res&quot;","img":{"alt_text":"","src":"","width":0,"height":0},"classes":[]},{"id":655,"url":"https:\/\/jejboulet.xyz\/fr\/prieres\/2021-06-06\/","url_meta":{"origin":696,"position":3},"title":"Pri\u00e8re: Semaine du 6 juin 2021","date":"juin 6, 2021","format":false,"excerpt":"Ma\u00eetre, Berger, Vigneron, prends piti\u00e9 de nous. \u00c0 la terre, tu as donn\u00e9 chaque septi\u00e8me ann\u00e9e comme repos sabbatique. O\u00f9 est donc notre repos \u00e0 nous? Ne sommes-nous pas plus pr\u00e9cieux que la terre? Ne te soucies-tu pas de notre bien \u00eatre? Pourquoi est-ce avec peine et \u00e0 la sueur\u2026","rel":"","context":"Dans &quot;Pri\u00e8res&quot;","img":{"alt_text":"","src":"","width":0,"height":0},"classes":[]},{"id":647,"url":"https:\/\/jejboulet.xyz\/fr\/prieres\/2021-05-30\/","url_meta":{"origin":696,"position":4},"title":"Pri\u00e8re: Semaine du 30 mai 2021","date":"mai 30, 2021","format":false,"excerpt":"Notre P\u00e8re, merci pour notre vie. C'est gr\u00e2ce \u00e0 toi qu'il existe la moindre \u00e9tincelle, et nous aussi sommes ta cr\u00e9ation. Il faut avouer que la vie est parfois difficile et que parfois nous regrettons le jour de notre naissance. Mais la terre enti\u00e8re est remplie de ta gloire. Aide-nous,\u2026","rel":"","context":"Dans &quot;Pri\u00e8res&quot;","img":{"alt_text":"","src":"","width":0,"height":0},"classes":[]},{"id":513,"url":"https:\/\/jejboulet.xyz\/fr\/prieres\/2021-02-07\/","url_meta":{"origin":696,"position":5},"title":"Pri\u00e8re: Semaine du 7 f\u00e9v 2021","date":"f\u00e9vrier 7, 2021","format":false,"excerpt":"Dieu vivant, ta Parole est la v\u00e9rit\u00e9. Nous sommes conscients de la fausset\u00e9 des humains. Tous se sont \u00e9gar\u00e9s de ton chemin droit. Par des mensonges, les pauvres sont opprim\u00e9s. \u00c0 cause de notre honte, nous nous cachons par des mensonges. C'est un cycle naus\u00e9abond. Seigneur, pardonne-nous notre d\u00e9viance de\u2026","rel":"","context":"Dans &quot;Pri\u00e8res&quot;","img":{"alt_text":"","src":"","width":0,"height":0},"classes":[]}],"_links":{"self":[{"href":"https:\/\/jejboulet.xyz\/fr\/wp-json\/wp\/v2\/posts\/696"}],"collection":[{"href":"https:\/\/jejboulet.xyz\/fr\/wp-json\/wp\/v2\/posts"}],"about":[{"href":"https:\/\/jejboulet.xyz\/fr\/wp-json\/wp\/v2\/types\/post"}],"author":[{"embeddable":true,"href":"https:\/\/jejboulet.xyz\/fr\/wp-json\/wp\/v2\/users\/1"}],"replies":[{"embeddable":true,"href":"https:\/\/jejboulet.xyz\/fr\/wp-json\/wp\/v2\/comments?post=696"}],"version-history":[{"count":1,"href":"https:\/\/jejboulet.xyz\/fr\/wp-json\/wp\/v2\/posts\/696\/revisions"}],"predecessor-version":[{"id":697,"href":"https:\/\/jejboulet.xyz\/fr\/wp-json\/wp\/v2\/posts\/696\/revisions\/697"}],"wp:attachment":[{"href":"https:\/\/jejboulet.xyz\/fr\/wp-json\/wp\/v2\/media?parent=696"}],"wp:term":[{"taxonomy":"category","embeddable":true,"href":"https:\/\/jejboulet.xyz\/fr\/wp-json\/wp\/v2\/categories?post=696"},{"taxonomy":"post_tag","embeddable":true,"href":"https:\/\/jejboulet.xyz\/fr\/wp-json\/wp\/v2\/tags?post=696"}],"curies":[{"name":"wp","href":"https:\/\/api.w.org\/{rel}","templated":true}]}}